{"id":3948,"date":"2020-04-26T22:08:54","date_gmt":"2020-04-26T20:08:54","guid":{"rendered":"https:\/\/cinfrance.fr\/?p=3948"},"modified":"2021-12-07T22:16:07","modified_gmt":"2021-12-07T21:16:07","slug":"covid-19-le-cin-engage-pour-vous-aider","status":"publish","type":"post","link":"https:\/\/cinfrance.fr\/index.php\/2020\/04\/26\/covid-19-le-cin-engage-pour-vous-aider\/","title":{"rendered":"Covid 19, le CIN engag\u00e9 pour vous aider !"},"content":{"rendered":"\n<p>&nbsp;<\/p>\n\n\n\n<p><strong><em>Covid 19, le CIN engag\u00e9 pour vous aider !<\/em><\/strong><\/p>\n\n\n\n<p><em>Conscient des difficult\u00e9s que traverse actuellement notre communaut\u00e9 du fret, le CIN souhaite contribuer \u00e0 son niveau aux efforts de nos adh\u00e9rents.<\/em><\/p>\n\n\n\n<p><em>Ainsi une r\u00e9duction exceptionnelle sur les abonnements forfaitaires des op\u00e9rateurs physiques et documentaires a \u00e9t\u00e9 d\u00e9cid\u00e9e pour les mois d\u2019avril et de mai 2020.<\/em><\/p>\n\n\n\n<p><em>Cette r\u00e9duction de 20% mensuelle sera appliqu\u00e9e sur votre prochaine facture de Mai 2020 qui pr\u00e9sentera donc une r\u00e9duction exceptionnelle de 40% (avril +mai).<\/em><\/p>\n\n\n\n<p><em>Au-del\u00e0 de cet effort financier, nous profitons de l&rsquo;occasion pour vous informer de notre activit\u00e9 en ces temps particuliers.<\/em><\/p>\n\n\n\n<p><em>CIN france, en tant que Soci\u00e9t\u00e9 Informatique sous la convention collective du Syntec a pu mettre 100% de ses salari\u00e9s en t\u00e9l\u00e9travail et ne fera appel \u00e0 aucune aide publique concernant&nbsp;le ch\u00f4mage partiel, le retour \u00e0 l&#8217;emploi etc&#8230;Nous poursuivons donc nos missions de support sur les diff\u00e9rents services de CIN france ainsi que nos d\u00e9veloppements&nbsp;programm\u00e9s en 2020 dont :&nbsp;<\/em><\/p>\n\n\n\n<p><em>&#8211; Interfaces avec MGI, lancement des projets avec SOGET afin de fournir le tracing \u00ab\u00a0Door to Door\u00a0\u00bb que nous avons d\u00e9j\u00e0 en production sur la R\u00e9union avec&nbsp;le CCS SIMAR.&nbsp;L&rsquo;objectif \u00e9tant de profiter de la pr\u00e9sence de ces CCS sur les DOM-TOM pour garantir une continuit\u00e9 de service sur l&rsquo;ensemble des a\u00e9roports fran\u00e7ais situ\u00e9s en m\u00e9tropole mais aussi dans les Dom-Tom et d&rsquo;ainsi \u00e9tablir un premier exemple d&rsquo;interop\u00e9rabilit\u00e9 autour de CIN France pour de futures connexions avec des&nbsp; CCS \u00e9trangers. D&rsquo;autres services participeront \u00e0 cette coop\u00e9ration entre les CCS maritimes et a\u00e9riens.<\/em><\/p>\n\n\n\n<p><em>&#8211;&nbsp; nouvelles fonctionnalit\u00e9s sur Statistiques , SDM , ICS, Delta T&nbsp;<\/em><\/p>\n\n\n\n<p><em>&#8211; Travaux&nbsp;de maintenance&nbsp;et d&rsquo;am\u00e9lioration des performances IT<\/em><\/p>\n\n\n\n<p><em>&#8211; refonte ICS etc&#8230;<\/em><\/p>\n\n\n\n<p><em>Bien que nous ayons pu nous organiser et garantir une continuit\u00e9 d&rsquo;activit\u00e9 nous serons touch\u00e9s financi\u00e8rement \u00e0 la suite de la baisse du trafic cargo.<\/em><\/p>\n\n\n\n<p><em>Nous attendons les d\u00e9cisions de reprise d&rsquo;activit\u00e9. Nous sommes impatients de revenir dans nos locaux de CDG, de vous revoir et d&rsquo;entendre de nouveau des avions d\u00e9coller. Finalement&nbsp;un peu de bruit de temps en temps peut aussi faire le plus grand bien!<\/em><\/p>\n\n\n\n<p><em>Nous restons \u00e0 votre \u00e9coute,<\/em><\/p>\n\n\n\n<p><em>A bient\u00f4t et portez vous bien<\/em><\/p>\n\n\n\n<p><em>Jean-Fran\u00e7ois Bouilhaguet<\/em><\/p>\n\n\n\n<p><em>Directeur CIN FRANCE<\/em><\/p>\n","protected":false},"excerpt":{"rendered":"&nbsp; Covid 19, le CIN engag\u00e9 pour vous aider ! Conscient des difficult\u00e9s que traverse actuellement notre communaut\u00e9 du fret, le CIN souhaite contribuer \u00e0 son niveau aux efforts de nos adh\u00e9rents. Ainsi une r\u00e9duction exceptionnelle sur les abonnements forfaitaires&#8230;","protected":false},"author":2,"featured_media":3950,"comment_status":"closed","ping_status":"closed","sticky":false,"template":"","format":"standard","meta":{"_jetpack_memberships_contains_paid_content":false,"footnotes":""},"categories":[1],"tags":[],"class_list":["post-3948","post","type-post","status-publish","format-standard","has-post-thumbnail","hentry","category-actualite"],"yoast_head":"<!-- This site is optimized with the Yoast SEO plugin v22.4 - https:\/\/yoast.com\/wordpress\/plugins\/seo\/ -->\n<title>Covid 19, le CIN engag\u00e9 pour vous aider ! - CIN FRANCE<\/title>\n<meta name=\"robots\" content=\"noindex, follow, max-snippet:-1, max-image-preview:large, max-video-preview:-1\" \/>\n<meta property=\"og:locale\" content=\"fr_FR\" \/>\n<meta property=\"og:type\" content=\"article\" \/>\n<meta property=\"og:title\" content=\"Covid 19, le CIN engag\u00e9 pour vous aider ! - CIN FRANCE\" \/>\n<meta property=\"og:description\" content=\"&nbsp; Covid 19, le CIN engag\u00e9 pour vous aider ! Conscient des difficult\u00e9s que traverse actuellement notre communaut\u00e9 du fret, le CIN souhaite contribuer \u00e0 son niveau aux efforts de nos adh\u00e9rents. Ainsi une r\u00e9duction exceptionnelle sur les abonnements forfaitaires...\" \/>\n<meta property=\"og:url\" content=\"https:\/\/cinfrance.fr\/index.php\/2020\/04\/26\/covid-19-le-cin-engage-pour-vous-aider\/\" \/>\n<meta property=\"og:site_name\" content=\"CIN FRANCE\" \/>\n<meta property=\"article:published_time\" content=\"2020-04-26T20:08:54+00:00\" \/>\n<meta property=\"article:modified_time\" content=\"2021-12-07T21:16:07+00:00\" \/>\n<meta property=\"og:image\" content=\"https:\/\/cinfrance.fr\/wp-content\/uploads\/2021\/12\/noun_Team_Environment_946700.png\" \/>\n\t<meta property=\"og:image:width\" content=\"372\" \/>\n\t<meta property=\"og:image:height\" content=\"371\" \/>\n\t<meta property=\"og:image:type\" content=\"image\/png\" \/>\n<meta name=\"author\" content=\"Sandra Elie\" \/>\n<meta name=\"twitter:card\" content=\"summary_large_image\" \/>\n<meta name=\"twitter:label1\" content=\"\u00c9crit par\" \/>\n\t<meta name=\"twitter:data1\" content=\"Sandra Elie\" \/>\n\t<meta name=\"twitter:label2\" content=\"Dur\u00e9e de lecture estim\u00e9e\" \/>\n\t<meta name=\"twitter:data2\" content=\"2 minutes\" \/>\n<script type=\"application\/ld+json\" class=\"yoast-schema-graph\">{\"@context\":\"https:\/\/schema.org\",\"@graph\":[{\"@type\":\"WebPage\",\"@id\":\"https:\/\/cinfrance.fr\/index.php\/2020\/04\/26\/covid-19-le-cin-engage-pour-vous-aider\/\",\"url\":\"https:\/\/cinfrance.fr\/index.php\/2020\/04\/26\/covid-19-le-cin-engage-pour-vous-aider\/\",\"name\":\"Covid 19, le CIN engag\u00e9 pour vous aider ! - CIN FRANCE\",\"isPartOf\":{\"@id\":\"https:\/\/cinfrance.fr\/#website\"},\"primaryImageOfPage\":{\"@id\":\"https:\/\/cinfrance.fr\/index.php\/2020\/04\/26\/covid-19-le-cin-engage-pour-vous-aider\/#primaryimage\"},\"image\":{\"@id\":\"https:\/\/cinfrance.fr\/index.php\/2020\/04\/26\/covid-19-le-cin-engage-pour-vous-aider\/#primaryimage\"},\"thumbnailUrl\":\"https:\/\/cinfrance.fr\/wp-content\/uploads\/2021\/12\/noun_Team_Environment_946700.png\",\"datePublished\":\"2020-04-26T20:08:54+00:00\",\"dateModified\":\"2021-12-07T21:16:07+00:00\",\"author\":{\"@id\":\"https:\/\/cinfrance.fr\/#\/schema\/person\/8c243da213c90caa677a97ceaf0f946e\"},\"breadcrumb\":{\"@id\":\"https:\/\/cinfrance.fr\/index.php\/2020\/04\/26\/covid-19-le-cin-engage-pour-vous-aider\/#breadcrumb\"},\"inLanguage\":\"fr-FR\",\"potentialAction\":[{\"@type\":\"ReadAction\",\"target\":[\"https:\/\/cinfrance.fr\/index.php\/2020\/04\/26\/covid-19-le-cin-engage-pour-vous-aider\/\"]}]},{\"@type\":\"ImageObject\",\"inLanguage\":\"fr-FR\",\"@id\":\"https:\/\/cinfrance.fr\/index.php\/2020\/04\/26\/covid-19-le-cin-engage-pour-vous-aider\/#primaryimage\",\"url\":\"https:\/\/cinfrance.fr\/wp-content\/uploads\/2021\/12\/noun_Team_Environment_946700.png\",\"contentUrl\":\"https:\/\/cinfrance.fr\/wp-content\/uploads\/2021\/12\/noun_Team_Environment_946700.png\",\"width\":372,\"height\":371},{\"@type\":\"BreadcrumbList\",\"@id\":\"https:\/\/cinfrance.fr\/index.php\/2020\/04\/26\/covid-19-le-cin-engage-pour-vous-aider\/#breadcrumb\",\"itemListElement\":[{\"@type\":\"ListItem\",\"position\":1,\"name\":\"Accueil\",\"item\":\"https:\/\/cinfrance.fr\/\"},{\"@type\":\"ListItem\",\"position\":2,\"name\":\"Covid 19, le CIN engag\u00e9 pour vous aider !\"}]},{\"@type\":\"WebSite\",\"@id\":\"https:\/\/cinfrance.fr\/#website\",\"url\":\"https:\/\/cinfrance.fr\/\",\"name\":\"CIN FRANCE\",\"description\":\"Cargo information network france\",\"potentialAction\":[{\"@type\":\"SearchAction\",\"target\":{\"@type\":\"EntryPoint\",\"urlTemplate\":\"https:\/\/cinfrance.fr\/?s={search_term_string}\"},\"query-input\":\"required name=search_term_string\"}],\"inLanguage\":\"fr-FR\"},{\"@type\":\"Person\",\"@id\":\"https:\/\/cinfrance.fr\/#\/schema\/person\/8c243da213c90caa677a97ceaf0f946e\",\"name\":\"Sandra Elie\",\"url\":\"https:\/\/cinfrance.fr\/index.php\/author\/sandra\/\"}]}<\/script>\n<!-- \/ Yoast SEO plugin. -->","yoast_head_json":{"title":"Covid 19, le CIN engag\u00e9 pour vous aider ! - CIN FRANCE","robots":{"index":"noindex","follow":"follow","max-snippet":"max-snippet:-1","max-image-preview":"max-image-preview:large","max-video-preview":"max-video-preview:-1"},"og_locale":"fr_FR","og_type":"article","og_title":"Covid 19, le CIN engag\u00e9 pour vous aider ! - CIN FRANCE","og_description":"&nbsp; Covid 19, le CIN engag\u00e9 pour vous aider ! Conscient des difficult\u00e9s que traverse actuellement notre communaut\u00e9 du fret, le CIN souhaite contribuer \u00e0 son niveau aux efforts de nos adh\u00e9rents. Ainsi une r\u00e9duction exceptionnelle sur les abonnements forfaitaires...","og_url":"https:\/\/cinfrance.fr\/index.php\/2020\/04\/26\/covid-19-le-cin-engage-pour-vous-aider\/","og_site_name":"CIN FRANCE","article_published_time":"2020-04-26T20:08:54+00:00","article_modified_time":"2021-12-07T21:16:07+00:00","og_image":[{"width":372,"height":371,"url":"https:\/\/cinfrance.fr\/wp-content\/uploads\/2021\/12\/noun_Team_Environment_946700.png","type":"image\/png"}],"author":"Sandra Elie","twitter_card":"summary_large_image","twitter_misc":{"\u00c9crit par":"Sandra Elie","Dur\u00e9e de lecture estim\u00e9e":"2 minutes"},"schema":{"@context":"https:\/\/schema.org","@graph":[{"@type":"WebPage","@id":"https:\/\/cinfrance.fr\/index.php\/2020\/04\/26\/covid-19-le-cin-engage-pour-vous-aider\/","url":"https:\/\/cinfrance.fr\/index.php\/2020\/04\/26\/covid-19-le-cin-engage-pour-vous-aider\/","name":"Covid 19, le CIN engag\u00e9 pour vous aider ! - CIN FRANCE","isPartOf":{"@id":"https:\/\/cinfrance.fr\/#website"},"primaryImageOfPage":{"@id":"https:\/\/cinfrance.fr\/index.php\/2020\/04\/26\/covid-19-le-cin-engage-pour-vous-aider\/#primaryimage"},"image":{"@id":"https:\/\/cinfrance.fr\/index.php\/2020\/04\/26\/covid-19-le-cin-engage-pour-vous-aider\/#primaryimage"},"thumbnailUrl":"https:\/\/cinfrance.fr\/wp-content\/uploads\/2021\/12\/noun_Team_Environment_946700.png","datePublished":"2020-04-26T20:08:54+00:00","dateModified":"2021-12-07T21:16:07+00:00","author":{"@id":"https:\/\/cinfrance.fr\/#\/schema\/person\/8c243da213c90caa677a97ceaf0f946e"},"breadcrumb":{"@id":"https:\/\/cinfrance.fr\/index.php\/2020\/04\/26\/covid-19-le-cin-engage-pour-vous-aider\/#breadcrumb"},"inLanguage":"fr-FR","potentialAction":[{"@type":"ReadAction","target":["https:\/\/cinfrance.fr\/index.php\/2020\/04\/26\/covid-19-le-cin-engage-pour-vous-aider\/"]}]},{"@type":"ImageObject","inLanguage":"fr-FR","@id":"https:\/\/cinfrance.fr\/index.php\/2020\/04\/26\/covid-19-le-cin-engage-pour-vous-aider\/#primaryimage","url":"https:\/\/cinfrance.fr\/wp-content\/uploads\/2021\/12\/noun_Team_Environment_946700.png","contentUrl":"https:\/\/cinfrance.fr\/wp-content\/uploads\/2021\/12\/noun_Team_Environment_946700.png","width":372,"height":371},{"@type":"BreadcrumbList","@id":"https:\/\/cinfrance.fr\/index.php\/2020\/04\/26\/covid-19-le-cin-engage-pour-vous-aider\/#breadcrumb","itemListElement":[{"@type":"ListItem","position":1,"name":"Accueil","item":"https:\/\/cinfrance.fr\/"},{"@type":"ListItem","position":2,"name":"Covid 19, le CIN engag\u00e9 pour vous aider !"}]},{"@type":"WebSite","@id":"https:\/\/cinfrance.fr\/#website","url":"https:\/\/cinfrance.fr\/","name":"CIN FRANCE","description":"Cargo information network france","potentialAction":[{"@type":"SearchAction","target":{"@type":"EntryPoint","urlTemplate":"https:\/\/cinfrance.fr\/?s={search_term_string}"},"query-input":"required name=search_term_string"}],"inLanguage":"fr-FR"},{"@type":"Person","@id":"https:\/\/cinfrance.fr\/#\/schema\/person\/8c243da213c90caa677a97ceaf0f946e","name":"Sandra Elie","url":"https:\/\/cinfrance.fr\/index.php\/author\/sandra\/"}]}},"jetpack_sharing_enabled":true,"jetpack_featured_media_url":"https:\/\/cinfrance.fr\/wp-content\/uploads\/2021\/12\/noun_Team_Environment_946700.png","_links":{"self":[{"href":"https:\/\/cinfrance.fr\/index.php\/wp-json\/wp\/v2\/posts\/3948","targetHints":{"allow":["GET"]}}],"collection":[{"href":"https:\/\/cinfrance.fr\/index.php\/wp-json\/wp\/v2\/posts"}],"about":[{"href":"https:\/\/cinfrance.fr\/index.php\/wp-json\/wp\/v2\/types\/post"}],"author":[{"embeddable":true,"href":"https:\/\/cinfrance.fr\/index.php\/wp-json\/wp\/v2\/users\/2"}],"replies":[{"embeddable":true,"href":"https:\/\/cinfrance.fr\/index.php\/wp-json\/wp\/v2\/comments?post=3948"}],"version-history":[{"count":5,"href":"https:\/\/cinfrance.fr\/index.php\/wp-json\/wp\/v2\/posts\/3948\/revisions"}],"predecessor-version":[{"id":3958,"href":"https:\/\/cinfrance.fr\/index.php\/wp-json\/wp\/v2\/posts\/3948\/revisions\/3958"}],"wp:featuredmedia":[{"embeddable":true,"href":"https:\/\/cinfrance.fr\/index.php\/wp-json\/wp\/v2\/media\/3950"}],"wp:attachment":[{"href":"https:\/\/cinfrance.fr\/index.php\/wp-json\/wp\/v2\/media?parent=3948"}],"wp:term":[{"taxonomy":"category","embeddable":true,"href":"https:\/\/cinfrance.fr\/index.php\/wp-json\/wp\/v2\/categories?post=3948"},{"taxonomy":"post_tag","embeddable":true,"href":"https:\/\/cinfrance.fr\/index.php\/wp-json\/wp\/v2\/tags?post=3948"}],"curies":[{"name":"wp","href":"https:\/\/api.w.org\/{rel}","templated":true}]}}